  {"id":95894,"date":"2024-05-23T14:36:33","date_gmt":"2024-05-23T12:36:33","guid":{"rendered":"https:\/\/www.dbu.de\/?post_type=newsletter&#038;p=95894"},"modified":"2024-05-24T10:11:13","modified_gmt":"2024-05-24T08:11:13","slug":"woche-der-umwelt-2024-im-livestream-verfolgen","status":"publish","type":"newsletter","link":"https:\/\/www.dbu.de\/en\/newsletter\/dbuaktuell-mai-2024\/woche-der-umwelt-2024-im-livestream-verfolgen\/","title":{"rendered":"Woche der Umwelt 2024 im Livestream verfolgen"},"content":{"rendered":"\n<div class=\"wp-block-wordpress-dbu-dbu-container\">\n<figure class=\"wp-block-image alignright size-large is-resized\"><img loading=\"lazy\" decoding=\"async\" width=\"1920\" height=\"559\" src=\"https:\/\/www.dbu.de\/app\/uploads\/dbu_media-WdU24-Logo_DATUM-LOGOS_Farbe_CMYK-1920x559.jpg\" alt=\"\" class=\"wp-image-96044\" style=\"width:389px;height:auto\" srcset=\"https:\/\/www.dbu.de\/app\/uploads\/dbu_media-WdU24-Logo_DATUM-LOGOS_Farbe_CMYK-1920x559.jpg 1920w, https:\/\/www.dbu.de\/app\/uploads\/dbu_media-WdU24-Logo_DATUM-LOGOS_Farbe_CMYK-800x233.jpg 800w, https:\/\/www.dbu.de\/app\/uploads\/dbu_media-WdU24-Logo_DATUM-LOGOS_Farbe_CMYK-400x116.jpg 400w\" sizes=\"auto, (max-width: 1920px) 100vw, 1920px\" \/><\/figure>\n\n\n\n<p>Bundespr\u00e4sident Frank-Walter Steinmeier und die DBU laden am 4. Juni und 5. Juni zur <a href=\"https:\/\/www.woche-der-umwelt.de\/\" target=\"_blank\" rel=\"noreferrer noopener\">Woche der Umwelt ein<\/a>. Nach der Er\u00f6ffnung durch den Bundespr\u00e4sidenten geht es auf der Hauptb\u00fchne in vier <a href=\"https:\/\/www.woche-der-umwelt.de\/programm\/?buehne=hauptbuehne\" target=\"_blank\" rel=\"noreferrer noopener\">Podien<\/a> um Wasserstofftechnologie, Klimaneutralit\u00e4t, Energiesicherheit, Biodiversit\u00e4t und Ressourcenschutz sowie Transformation und sozialen Zusammenhalt. Es diskutieren unter anderem Bundeswirtschaftsminister Dr. Robert Habeck, Bundesumweltministerin Steffi Lemke, Gunnar Groebler, Vorstandschef der Salzgitter AG und Anna-Nicole Heinrich, Pr\u00e4ses der Synode der Evangelischen Kirche in Deutschland (EKD).<\/p>\n\n\n\n<p><\/p>\n\n\n\n<p><em>Seien Sie digital dabei und verfolgen Sie die Diskussionen auf der Hauptb\u00fchne \u00fcber den Livestream auf dem DBU-YouTube-Kanal unter: <\/em><a href=\"https:\/\/www.dbu.de\/live\" target=\"_blank\" rel=\"noreferrer noopener\">www.dbu.de\/live<\/a><br><em>Das gesamte Programm mit Details zu allen Podien auf der Hauptb\u00fchne gibt es unter: <\/em><a href=\"http:\/\/www.woche-der-umwelt.de\/programm\/\" target=\"_blank\" rel=\"noreferrer noopener\">www.woche-der-umwelt.de<\/a><\/p>\n<\/div>\n","protected":false},"excerpt":{"rendered":"","protected":false},"author":3,"featured_media":90643,"parent":95870,"template":"","meta":{"footnotes":""},"newsletter-kategorie":[],"class_list":["post-95894","newsletter","type-newsletter","status-publish","has-post-thumbnail","hentry"],"meta_box":{"dbu_newsletter_gruppe_container":[{"dbu_newsletter_gruppe_container_select":"newsletter"}],"dbu_news_mail":"0","dbu_news_mail_status":"Eine Mail wurde nicht verschickt"},"_links":{"self":[{"href":"https:\/\/www.dbu.de\/en\/wp-json\/wp\/v2\/newsletter\/95894","targetHints":{"allow":["GET"]}}],"collection":[{"href":"https:\/\/www.dbu.de\/en\/wp-json\/wp\/v2\/newsletter"}],"about":[{"href":"https:\/\/www.dbu.de\/en\/wp-json\/wp\/v2\/types\/newsletter"}],"author":[{"embeddable":true,"href":"https:\/\/www.dbu.de\/en\/wp-json\/wp\/v2\/users\/3"}],"version-history":[{"count":11,"href":"https:\/\/www.dbu.de\/en\/wp-json\/wp\/v2\/newsletter\/95894\/revisions"}],"predecessor-version":[{"id":96071,"href":"https:\/\/www.dbu.de\/en\/wp-json\/wp\/v2\/newsletter\/95894\/revisions\/96071"}],"up":[{"embeddable":true,"href":"https:\/\/www.dbu.de\/en\/wp-json\/wp\/v2\/newsletter\/95870"}],"wp:featuredmedia":[{"embeddable":true,"href":"https:\/\/www.dbu.de\/en\/wp-json\/wp\/v2\/media\/90643"}],"wp:attachment":[{"href":"https:\/\/www.dbu.de\/en\/wp-json\/wp\/v2\/media?parent=95894"}],"wp:term":[{"taxonomy":"newsletter-kategorie","embeddable":true,"href":"https:\/\/www.dbu.de\/en\/wp-json\/wp\/v2\/newsletter-kategorie?post=95894"}],"curies":[{"name":"wp","href":"https:\/\/api.w.org\/{rel}","templated":true}]}}