  {"id":56326,"date":"2023-10-25T11:53:01","date_gmt":"2023-10-25T09:53:01","guid":{"rendered":"https:\/\/www.dbu.de\/newsletter\/dbuaktuell-nr-7-2023-2\/hinweis-umweltpreisverleihung\/"},"modified":"2023-11-17T11:19:04","modified_gmt":"2023-11-17T10:19:04","slug":"hinweis-umweltpreisverleihung","status":"publish","type":"newsletter","link":"https:\/\/www.dbu.de\/en\/newsletter\/dbuaktuell-nr-8-2023\/hinweis-umweltpreisverleihung\/","title":{"rendered":"Deutscher Umweltpreis 2023 \u2013 Livestream-Links zu den Veranstaltungen"},"content":{"rendered":"\n<div class=\"wp-block-wordpress-dbu-dbu-container\">\n<p><strong>Am Sonntag, 29. Oktober, verleiht die Âé¶¹´«Ã½ den Deutschen Umweltpreis 2023 in L\u00fcbeck. Die Preisverleihung und das Symposium am Vortag werden als Livestream auf dem YouTube-Kanal der DBU \u00fcbertragen.<\/strong> <\/p>\n\n\n\n<p><\/p>\n\n\n\n<p>Die Âé¶¹´«Ã½ (DBU) zeichnet im Jahr 2023 zwei Frauen f\u00fcr exzellente Forschung zu Extremwetterereignissen und wegweisende Impulse f\u00fcr die Bauwende mit dem\u00a0<a rel=\"noreferrer noopener\" href=\"https:\/\/www.dbu.de\/umweltpreis\/der-deutsche-umweltpreis\/\" target=\"_blank\">Deutschen Umweltpreis<\/a>\u00a0aus: Klimaforscherin <a rel=\"noreferrer noopener\" href=\"https:\/\/www.dbu.de\/umweltpreis-blog\/klimaforscherin-friederike-otto-wir-koennen-immer-wieder-zeigen-welche-rolle-der-klimawandel-spielt\/\" target=\"_blank\">Prof. Dr. Friederike\u00a0Otto\u00a0<\/a>und Holzbau-Unternehmerin <a rel=\"noreferrer noopener\" href=\"https:\/\/www.dbu.de\/umweltpreis-blog\/holzbau-pionierin-dagmar-fritz-kramer-kombiniert-kreatives-design-mit-okologie-und-umweltschutz\/\" target=\"_blank\">Dipl.-Ing. Dagmar\u00a0Fritz-Krame<\/a>r\u00a0teilen sich die zum 31. Mal vergebene renommierte Auszeichnung in H\u00f6he von insgesamt 500.000 Euro.<\/p>\n\n\n\n<figure class=\"wp-block-image alignright size-full is-resized\"><img loading=\"lazy\" decoding=\"async\" src=\"https:\/\/www.dbu.de\/app\/uploads\/dbu_media-2023_UWP-Preistraeger_Collage_Webseite_3zu2.jpg\" alt=\"\" class=\"wp-image-54520\" style=\"width:313px;height:209px\" width=\"313\" height=\"209\" srcset=\"https:\/\/www.dbu.de\/app\/uploads\/dbu_media-2023_UWP-Preistraeger_Collage_Webseite_3zu2.jpg 1772w, https:\/\/www.dbu.de\/app\/uploads\/dbu_media-2023_UWP-Preistraeger_Collage_Webseite_3zu2-800x533.jpg 800w, https:\/\/www.dbu.de\/app\/uploads\/dbu_media-2023_UWP-Preistraeger_Collage_Webseite_3zu2-400x267.jpg 400w\" sizes=\"auto, (max-width: 313px) 100vw, 313px\" \/><figcaption class=\"wp-element-caption\">Dipl.-Ing. Dagmar Fritz-Kramer (links) und Prof. Dr. Friederike Otto teilen sich den Deutschen Umweltpreis 2023 der DBU. \u00a9 Baufritz | \u00a9 guy@strikingfaces<\/figcaption><\/figure>\n\n\n\n<p><\/p>\n\n\n\n<p><strong>Links zu den Veranstaltungen:<\/strong><br><\/p>\n\n\n\n<p><strong>Festakt Deutscher Umweltpreis 2023<\/strong><br>Sonntag, 29. Oktober 2023, ab 11:00 Uhr als <a rel=\"noreferrer noopener\" href=\"https:\/\/www.youtube.com\/watch?app=desktop&amp;v=VXC7FtiJwHs\" target=\"_blank\">Livestream<\/a>.<br><br><strong>Symposium zum Deutschen Umweltpreis \u00bbUnternehmen brauchen (Arten-)Vielfalt \u2013 Auf dem Weg zu einer naturvertr\u00e4glichen Wirtschaft\u00ab<\/strong><br>Samstag, 28. Oktober 2023, 14:00 bis 16:00 Uhr, Programm und Livestream-Link gibt es <a rel=\"noreferrer noopener\" href=\"https:\/\/www.dbu.de\/termine\/livestream-zum-symposium-unternehmen-brauchen-arten-vielfalt-auf-dem-weg-zu-einer-naturvertraeglichen-wirtschaft-anlaesslich-des-deutschen-umweltpreises-2023\/\" target=\"_blank\">hier<\/a>.<\/p>\n\n\n\n<p><\/p>\n\n\n\n<p><strong>Informationen f\u00fcr unsere geladenen G\u00e4ste<\/strong>:<br>Wir freuen uns darauf, Sie und Ihre Begleitung zu Symposium und Festakt in der <a rel=\"noreferrer noopener\" href=\"https:\/\/www.muk.de\/\" target=\"_blank\">Musik- und Kongresshalle L\u00fcbeck <\/a>zu begr\u00fc\u00dfen. Nach dem Festakt laden wir zum Empfang im Foyer der Musik- und Kongresshalle L\u00fcbeck ein.<\/p>\n\n\n\n<p><\/p>\n\n\n\n<p>Aktuelle Informationen zur Preisverleihung finden Sie in unserem <a rel=\"noreferrer noopener\" href=\"https:\/\/www.dbu.de\/umweltpreis\/umweltpreis-blog\/\" target=\"_blank\">Blog zum Deutschen Umweltpreis<\/a> und unter <a rel=\"noreferrer noopener\" href=\"https:\/\/www.dbu.de\/umweltpreis\" target=\"_blank\">https:\/\/www.dbu.de\/umweltpreis<\/a>. Twittern Sie mit unter #uwp23.<\/p>\n\n\n\n<p><\/p>\n\n\n\n<p class=\"has-text-align-right\">Titelbild: Peter Himsel\/DBU<\/p>\n<\/div>\n","protected":false},"excerpt":{"rendered":"","protected":false},"author":14,"featured_media":45960,"parent":56296,"template":"","meta":{"footnotes":""},"newsletter-kategorie":[],"class_list":["post-56326","newsletter","type-newsletter","status-publish","has-post-thumbnail","hentry"],"meta_box":{"dbu_newsletter_gruppe_container":[],"dbu_news_mail":"0","dbu_news_mail_status":"Eine Mail wurde nicht verschickt"},"_links":{"self":[{"href":"https:\/\/www.dbu.de\/en\/wp-json\/wp\/v2\/newsletter\/56326","targetHints":{"allow":["GET"]}}],"collection":[{"href":"https:\/\/www.dbu.de\/en\/wp-json\/wp\/v2\/newsletter"}],"about":[{"href":"https:\/\/www.dbu.de\/en\/wp-json\/wp\/v2\/types\/newsletter"}],"author":[{"embeddable":true,"href":"https:\/\/www.dbu.de\/en\/wp-json\/wp\/v2\/users\/14"}],"version-history":[{"count":5,"href":"https:\/\/www.dbu.de\/en\/wp-json\/wp\/v2\/newsletter\/56326\/revisions"}],"predecessor-version":[{"id":56484,"href":"https:\/\/www.dbu.de\/en\/wp-json\/wp\/v2\/newsletter\/56326\/revisions\/56484"}],"up":[{"embeddable":true,"href":"https:\/\/www.dbu.de\/en\/wp-json\/wp\/v2\/newsletter\/56296"}],"wp:featuredmedia":[{"embeddable":true,"href":"https:\/\/www.dbu.de\/en\/wp-json\/wp\/v2\/media\/45960"}],"wp:attachment":[{"href":"https:\/\/www.dbu.de\/en\/wp-json\/wp\/v2\/media?parent=56326"}],"wp:term":[{"taxonomy":"newsletter-kategorie","embeddable":true,"href":"https:\/\/www.dbu.de\/en\/wp-json\/wp\/v2\/newsletter-kategorie?post=56326"}],"curies":[{"name":"wp","href":"https:\/\/api.w.org\/{rel}","templated":true}]}}