  {"id":56303,"date":"2023-10-25T11:37:53","date_gmt":"2023-10-25T09:37:53","guid":{"rendered":"https:\/\/www.dbu.de\/newsletter\/dbuaktuell-nr-7-2023-2\/gesundheitsaspekte-in-der-stadtplanung\/"},"modified":"2023-11-17T11:19:04","modified_gmt":"2023-11-17T10:19:04","slug":"gesundheitsaspekte-in-der-stadtplanung","status":"publish","type":"newsletter","link":"https:\/\/www.dbu.de\/en\/newsletter\/dbuaktuell-nr-8-2023\/gesundheitsaspekte-in-der-stadtplanung\/","title":{"rendered":"Gesundheitsaspekte in der Stadtplanung"},"content":{"rendered":"\n<div class=\"wp-block-wordpress-dbu-dbu-container\">\n<p>St\u00e4dtische Gr\u00fcn- und Blaustrukturen, also Bepflanzungen und Wasserfl\u00e4chen, k\u00f6nnen dazu beitragen, Immissionen abzumildern, die sich negativ auf die menschliche Gesundheit und das Wohlbefinden auswirken. Bislang fehlt allerdings eine umfassende und konsequente Integration des Aspekts der menschlichen Gesundheit bei der r\u00e4umlichen Planung in Deutschland. International wurden bereits Konzepte und Instrumente f\u00fcr sogenannte \u201eUrban Health Indicators\u201c entwickelt, die allerdings nicht ohne Weiteres auf Kommunen in Deutschland \u00fcbertragbar sind.<\/p>\n\n\n\n<p><\/p>\n\n\n\n<p>Ein <a href=\"https:\/\/www.dbu.de\/projektbeispiele\/integriertes-indikatorenset-urbane-gesundheit\/\" target=\"_blank\" rel=\"noreferrer noopener\">DBU-Projekt <\/a>des <a href=\"https:\/\/www.uni-bremen.de\/institut-fuer-public-health-und-pflegeforschung\" target=\"_blank\" rel=\"noreferrer noopener\">Instituts f\u00fcr Public Health und Pflegeforschung<\/a> der Universit\u00e4t Bremen und der <a href=\"https:\/\/www.bpw-stadtplanung.de\/\" target=\"_blank\" rel=\"noreferrer noopener\">BPW Stadtplanung Bremen<\/a> hat zum Ziel, ein \u201eIntegriertes Indikatorenset Urbane Gesundheit\u201c f\u00fcr die kommunale Planung in Deutschland zu entwickeln. Zielgruppe f\u00fcr ein solches Tool sind neben der \u00f6ffentlichen Verwaltung von St\u00e4dten insbesondere kleine und mittlere Unternehmen wie Planungs- und Gutachterb\u00fcros, die im Auftrag der Kommunen viele Leistungen auf \u00f6rtlicher Ebene \u00fcbernehmen.Aus einer Vielzahl an recherchierten m\u00f6glichen Indikatoren wurde inzwischen ein vorl\u00e4ufiges Indikatorenset zusammengestellt, das zurzeit in Gespr\u00e4chen mit Expert*innen optimiert wird. Die weiteren Arbeitsschritte umfassen, ein Kommunikationsdesign und ein Konzept f\u00fcr ein webbasiertes interaktives Tool zu entwickeln und die Praxistauglichkeit in einem Workshop mit Fachleuten aus der Praxis zu \u00fcberpr\u00fcfen.<\/p>\n\n\n\n<p><\/p>\n\n\n\n<p><strong>Weitere Informationen <\/strong>zum Projekt <a rel=\"noreferrer noopener\" href=\"https:\/\/www.uni-bremen.de\/institut-fuer-public-health-und-pflegeforschung\/abteilungen-arbeitsgruppen\/public-health-forschung\/sozialepidemiologie\/projekte\/laufende-projekte\/projektdetails?tx_sfeventmgt_pievent%5Baction%5D=detail&amp;tx_sfeventmgt_pievent%5Bcontroller%5D=Event&amp;tx_sfeventmgt_pievent%5Bevent%5D=2565&amp;tx_sfeventmgt_pievent%5Blayout%5D=3&amp;cHash=6fa8729c05cc04cd00f072bfa0f42657\" data-type=\"link\" data-id=\"https:\/\/www.uni-bremen.de\/institut-fuer-public-health-und-pflegeforschung\/abteilungen-arbeitsgruppen\/public-health-forschung\/sozialepidemiologie\/projekte\/laufende-projekte\/projektdetails?tx_sfeventmgt_pievent%5Baction%5D=detail&amp;tx_sfeventmgt_pievent%5Bcontroller%5D=Event&amp;tx_sfeventmgt_pievent%5Bevent%5D=2565&amp;tx_sfeventmgt_pievent%5Blayout%5D=3&amp;cHash=6fa8729c05cc04cd00f072bfa0f42657\" target=\"_blank\">hier<\/a>.<\/p>\n\n\n\n<p><\/p>\n\n\n\n<p><\/p>\n\n\n\n<p class=\"has-text-align-right\">Titelbild: Canva, Jordi C.<\/p>\n<\/div>\n","protected":false},"excerpt":{"rendered":"","protected":false},"author":14,"featured_media":30408,"parent":56296,"template":"","meta":{"footnotes":""},"newsletter-kategorie":[],"class_list":["post-56303","newsletter","type-newsletter","status-publish","has-post-thumbnail","hentry"],"meta_box":{"dbu_newsletter_gruppe_container":[],"dbu_news_mail":"0","dbu_news_mail_status":"Eine Mail wurde nicht verschickt"},"_links":{"self":[{"href":"https:\/\/www.dbu.de\/en\/wp-json\/wp\/v2\/newsletter\/56303","targetHints":{"allow":["GET"]}}],"collection":[{"href":"https:\/\/www.dbu.de\/en\/wp-json\/wp\/v2\/newsletter"}],"about":[{"href":"https:\/\/www.dbu.de\/en\/wp-json\/wp\/v2\/types\/newsletter"}],"author":[{"embeddable":true,"href":"https:\/\/www.dbu.de\/en\/wp-json\/wp\/v2\/users\/14"}],"version-history":[{"count":6,"href":"https:\/\/www.dbu.de\/en\/wp-json\/wp\/v2\/newsletter\/56303\/revisions"}],"predecessor-version":[{"id":56658,"href":"https:\/\/www.dbu.de\/en\/wp-json\/wp\/v2\/newsletter\/56303\/revisions\/56658"}],"up":[{"embeddable":true,"href":"https:\/\/www.dbu.de\/en\/wp-json\/wp\/v2\/newsletter\/56296"}],"wp:featuredmedia":[{"embeddable":true,"href":"https:\/\/www.dbu.de\/en\/wp-json\/wp\/v2\/media\/30408"}],"wp:attachment":[{"href":"https:\/\/www.dbu.de\/en\/wp-json\/wp\/v2\/media?parent=56303"}],"wp:term":[{"taxonomy":"newsletter-kategorie","embeddable":true,"href":"https:\/\/www.dbu.de\/en\/wp-json\/wp\/v2\/newsletter-kategorie?post=56303"}],"curies":[{"name":"wp","href":"https:\/\/api.w.org\/{rel}","templated":true}]}}