  {"id":42354,"date":"2023-07-07T11:27:31","date_gmt":"2023-07-07T09:27:31","guid":{"rendered":"https:\/\/www.dbu.de\/?post_type=newsletter&#038;p=42354"},"modified":"2023-09-18T16:34:41","modified_gmt":"2023-09-18T14:34:41","slug":"zehn-jahre-naturerbe-zentrum-ruegen","status":"publish","type":"newsletter","link":"https:\/\/www.dbu.de\/en\/newsletter\/dbuaktuell-nr-5-2023\/zehn-jahre-naturerbe-zentrum-ruegen\/","title":{"rendered":"Zehn Jahre Naturerbe Zentrum R\u00fcgen"},"content":{"rendered":"\n<div class=\"wp-block-wordpress-dbu-dbu-container\">\n<p>Das Naturerbe Zentrum R\u00fcgen hat Mitte Juni sein zehnj\u00e4hriges Jubil\u00e4um gemeinsam mit Partnerinnen und Partnern sowie G\u00e4sten aus Politik, Wirtschaft und Tourismus gefeiert. Der Bau des Zentrums mit dem Baumwipfelpfad und einer Ausstellung sowie die Sanierung des alten Forsthauses vor zehn Jahren ist bis heute das gr\u00f6\u00dfte Bildungsprojekt, das die DBU gemeinsam mit ihrer Tochtergesellschaft, der DBU Naturerbe GmbH, mit initiiert und gef\u00f6rdert hat. Inhaltlich werden Themen wie biologische Vielfalt, nachhaltige Entwicklung, Naturtourismus und Erholung interaktiv mit Modellen sowie multimedialen Exponaten dargestellt. Seit der Er\u00f6ffnung haben mehr als 2,8 Millionen Besucher das Naturerbe Zentrum R\u00fcgen besucht. <\/p>\n\n\n\n<p><\/p>\n\n\n\n<p><strong>Mehr Informationen unter:<\/strong> <a href=\"https:\/\/treetop-walks.com\/ruegen\/\" data-type=\"URL\" data-id=\"https:\/\/treetop-walks.com\/ruegen\/\" target=\"_blank\" rel=\"noreferrer noopener\">treetop-walks.com\/ruegen\/ <\/a><\/p>\n\n\n\n<p><\/p>\n\n\n\n<p><\/p>\n\n\n\n<p>Titelbild: Jubil\u00e4umsfeier im Naturerbe Zentrum R\u00fcgen unter anderem mit: Bernd Bayerk\u00f6hler (v.l.), Vorstandssprecher der Erlebnis Akademie AG (eak), Susanne Belting, Fachliche Leiterin im DBU Naturerbe, und J\u00fcrgen Michalski, Leiter des Naturerbe Zentrums R\u00fcgen. Foto: Kathrin Wiener<\/p>\n\n\n\n<p><\/p>\n\n\n\n<p>Titelfoto: <\/p>\n\n\n\n<p class=\"has-text-align-right\">Jubil\u00e4umsfeier im Naturerbe Zentrum R\u00fcgen mit: Bernd Bayerk\u00f6hler (v.l.), Vorstandssprecher der Erlebnis Akademie AG (eak), Susanne Belting, Fachliche Leiterin im DBU Naturerbe, und J\u00fcrgen Michalski, Leiter des Naturerbe Zentrums R\u00fcgen. Foto: \u00a9 Kathrin Wiener, DBU<\/p>\n<\/div>\n\n\n\n<p><\/p>\n","protected":false},"excerpt":{"rendered":"","protected":false},"author":14,"featured_media":42430,"parent":42437,"template":"","meta":{"footnotes":""},"newsletter-kategorie":[],"class_list":["post-42354","newsletter","type-newsletter","status-publish","has-post-thumbnail","hentry"],"meta_box":{"dbu_newsletter_gruppe_container":[],"dbu_news_mail":"0","dbu_news_mail_status":"Eine Mail wurde nicht verschickt"},"_links":{"self":[{"href":"https:\/\/www.dbu.de\/en\/wp-json\/wp\/v2\/newsletter\/42354","targetHints":{"allow":["GET"]}}],"collection":[{"href":"https:\/\/www.dbu.de\/en\/wp-json\/wp\/v2\/newsletter"}],"about":[{"href":"https:\/\/www.dbu.de\/en\/wp-json\/wp\/v2\/types\/newsletter"}],"author":[{"embeddable":true,"href":"https:\/\/www.dbu.de\/en\/wp-json\/wp\/v2\/users\/14"}],"version-history":[{"count":4,"href":"https:\/\/www.dbu.de\/en\/wp-json\/wp\/v2\/newsletter\/42354\/revisions"}],"predecessor-version":[{"id":42491,"href":"https:\/\/www.dbu.de\/en\/wp-json\/wp\/v2\/newsletter\/42354\/revisions\/42491"}],"up":[{"embeddable":true,"href":"https:\/\/www.dbu.de\/en\/wp-json\/wp\/v2\/newsletter\/42437"}],"wp:featuredmedia":[{"embeddable":true,"href":"https:\/\/www.dbu.de\/en\/wp-json\/wp\/v2\/media\/42430"}],"wp:attachment":[{"href":"https:\/\/www.dbu.de\/en\/wp-json\/wp\/v2\/media?parent=42354"}],"wp:term":[{"taxonomy":"newsletter-kategorie","embeddable":true,"href":"https:\/\/www.dbu.de\/en\/wp-json\/wp\/v2\/newsletter-kategorie?post=42354"}],"curies":[{"name":"wp","href":"https:\/\/api.w.org\/{rel}","templated":true}]}}