  {"id":159336,"date":"2025-11-19T15:45:06","date_gmt":"2025-11-19T14:45:06","guid":{"rendered":"https:\/\/www.dbu.de\/?post_type=newsletter&#038;p=159336"},"modified":"2025-11-19T15:55:56","modified_gmt":"2025-11-19T14:55:56","slug":"dbu-auf-der-internationalen-add-textilkonferenz-2025","status":"publish","type":"newsletter","link":"https:\/\/www.dbu.de\/en\/newsletter\/dbuaktuell-2025\/dbu-auf-der-internationalen-add-textilkonferenz-2025\/","title":{"rendered":"DBU auf der internationalen ADD-Textilkonferenz 2025"},"content":{"rendered":"\n<div class=\"wp-block-wordpress-dbu-dbu-container\">\n<p>Die Zukunft der Textilbranche gemeinsam gestalten: Die Regionen Aachen, Dresden und Denkendorf (ADD) bilden ein Dreieck f\u00fcr textile Forschung und Innovation. Die Standorte organisieren gemeinsam die&nbsp;<a href=\"https:\/\/www.aachen-dresden-denkendorf.de\/itc\/\" target=\"_blank\" rel=\"noreferrer noopener\">Aachen-Dresden-Denkendorf International Textile Conference<\/a>, die mit regelm\u00e4\u00dfig \u00fcber 600 Teilnehmenden aus Industrie und Wissenschaft zu den bedeutendsten Textiltagungen Europas geh\u00f6rt. Dieses Jahr findet die ADD Textile Conference am<strong>&nbsp;27. und 28. November<\/strong>&nbsp;im&nbsp;<strong>Eurogress in Aachen&nbsp;<\/strong>statt. Partnerland ist Frankreich.<\/p>\n\n\n\n<p><\/p>\n\n\n\n<figure class=\"wp-block-image alignright size-large is-resized\"><img loading=\"lazy\" decoding=\"async\" width=\"1894\" height=\"1920\" src=\"https:\/\/www.dbu.de\/app\/uploads\/dbu-media-add-conference-1000004433-1894x1920.jpg\" alt=\"Messestand ADD Textile Conference, Liederhalle Stuttgart 2024\" class=\"wp-image-159102\" style=\"width:230px;height:auto\" srcset=\"https:\/\/www.dbu.de\/app\/uploads\/dbu-media-add-conference-1000004433-1894x1920.jpg 1894w, https:\/\/www.dbu.de\/app\/uploads\/dbu-media-add-conference-1000004433-789x800.jpg 789w, https:\/\/www.dbu.de\/app\/uploads\/dbu-media-add-conference-1000004433-395x400.jpg 395w\" sizes=\"auto, (max-width: 1894px) 100vw, 1894px\" \/><figcaption class=\"wp-element-caption\">Das DBU-Team ist wieder mit einem Stand vor Ort<\/figcaption><\/figure>\n\n\n\n<p><strong>DBU-Stand und DBU-Projektpartner vor Ort<\/strong><\/p>\n\n\n\n<p>Die DBU ist mit einem Ausstellungsstand vor Ort und zeigt Beispiele aus der DBU-F\u00f6rderung. Zudem sind drei DBU-Projektpartner f\u00fcr das Konferenzprogramm ausgew\u00e4hlt worden:<\/p>\n\n\n\n<ul class=\"wp-block-list\">\n<li><strong>Donnerstag, 27.11.2025, 11:30 Uhr, Transfer Session, Keynote<\/strong><br>Priv.-Doz. Dr.-Ing. Yves-Simon Gloy, ADOTC GmbH<br>\u201eAnother Dimension of Textile Configuration\u201c (AZ\u00a0<a href=\"https:\/\/www.dbu.de\/projektdatenbank\/35507-80\/\" target=\"_blank\" rel=\"noreferrer noopener\">35507-80<\/a>)<\/li>\n\n\n\n<li><strong>Donnerstag, 27.11.2025, 16:00 Uhr, Session Best Practices (Cooperations Industry &amp; Academia), Keynote<\/strong><br>Dr. Thomas Bauer, Dr. Christoph Schopp &amp; Dr. Philipp Schuster, DIENES Apparatebau GmbH, FH Aachen \u2013 University of Applied Sciences, Ulm University<br>\u201eEnergy-Efficient Furnace based on Microwave Plasma Technology for Stabilisation and Carbonisation of PAN (AZ\u00a0<a href=\"https:\/\/www.dbu.de\/projektdatenbank\/38782-01\/\" target=\"_blank\" rel=\"noreferrer noopener\">38782<\/a>)<\/li>\n\n\n\n<li><strong>Donnerstag, 27.11.2025, 16:00 Uhr, Session Best Practices (Cooperations Industry &amp; Academia)<\/strong><br>Diederik Cuylits &amp; Marc K\u00fcperkoch, Culimeta Textilglas-Technologie GmbH&amp;Co.KG, Hochschule Niederrhein<br>\u201eHemp Bast as a Possible Substitution for Glass Fibers in Liners for Trenchless Pipe Rehabilitation\u201c (AZ\u00a0<a href=\"https:\/\/www.dbu.de\/projektdatenbank\/39639-01\/\" target=\"_blank\" rel=\"noreferrer noopener\">39639<\/a>)<\/li>\n<\/ul>\n\n\n\n<p><em>Weitere Informationen unter:\u00a0<a href=\"https:\/\/www.aachen-dresden-denkendorf.de\/itc\/\" target=\"_blank\" rel=\"noreferrer noopener\">www.aachen-dresden-denkendorf.de\/itc\/<\/a><\/em><\/p>\n<\/div>\n","protected":false},"excerpt":{"rendered":"","protected":false},"author":15,"featured_media":159339,"parent":158932,"template":"","meta":{"footnotes":""},"newsletter-kategorie":[],"class_list":["post-159336","newsletter","type-newsletter","status-publish","has-post-thumbnail","hentry"],"meta_box":{"dbu_newsletter_gruppe_container":[{"dbu_newsletter_gruppe_container_select":"newsletter"}],"dbu_news_mail":"0","dbu_news_mail_status":"Eine Mail wurde nicht verschickt"},"_links":{"self":[{"href":"https:\/\/www.dbu.de\/en\/wp-json\/wp\/v2\/newsletter\/159336","targetHints":{"allow":["GET"]}}],"collection":[{"href":"https:\/\/www.dbu.de\/en\/wp-json\/wp\/v2\/newsletter"}],"about":[{"href":"https:\/\/www.dbu.de\/en\/wp-json\/wp\/v2\/types\/newsletter"}],"author":[{"embeddable":true,"href":"https:\/\/www.dbu.de\/en\/wp-json\/wp\/v2\/users\/15"}],"version-history":[{"count":5,"href":"https:\/\/www.dbu.de\/en\/wp-json\/wp\/v2\/newsletter\/159336\/revisions"}],"predecessor-version":[{"id":159364,"href":"https:\/\/www.dbu.de\/en\/wp-json\/wp\/v2\/newsletter\/159336\/revisions\/159364"}],"up":[{"embeddable":true,"href":"https:\/\/www.dbu.de\/en\/wp-json\/wp\/v2\/newsletter\/158932"}],"wp:featuredmedia":[{"embeddable":true,"href":"https:\/\/www.dbu.de\/en\/wp-json\/wp\/v2\/media\/159339"}],"wp:attachment":[{"href":"https:\/\/www.dbu.de\/en\/wp-json\/wp\/v2\/media?parent=159336"}],"wp:term":[{"taxonomy":"newsletter-kategorie","embeddable":true,"href":"https:\/\/www.dbu.de\/en\/wp-json\/wp\/v2\/newsletter-kategorie?post=159336"}],"curies":[{"name":"wp","href":"https:\/\/api.w.org\/{rel}","templated":true}]}}