  {"id":158983,"date":"2025-11-19T15:45:06","date_gmt":"2025-11-19T14:45:06","guid":{"rendered":"https:\/\/www.dbu.de\/?post_type=newsletter&#038;p=158983"},"modified":"2025-11-19T15:55:55","modified_gmt":"2025-11-19T14:55:55","slug":"meilenstein-im-naturschutz-20-jahre-nationales-naturerbe","status":"publish","type":"newsletter","link":"https:\/\/www.dbu.de\/en\/newsletter\/dbuaktuell-2025\/meilenstein-im-naturschutz-20-jahre-nationales-naturerbe\/","title":{"rendered":"Meilenstein im Naturschutz: 20 Jahre Nationales Naturerbe"},"content":{"rendered":"\n<div class=\"wp-block-wordpress-dbu-dbu-container\">\n<p>Es war ein Meilenstein f\u00fcr den Naturschutz in Deutschland, 164.000 Hektar \u00f6kologisch wertvolle Fl\u00e4chen des Bundes an das&nbsp;<a href=\"https:\/\/www.dbu.de\/naturerbe\/\" target=\"_blank\" rel=\"noreferrer noopener\">DBU Naturerbe<\/a>, eine Tochtergesellschaft der Deutschen Bundesstiftung Umwelt (DBU) und weitere Naturschutzakteur*innen zu \u00fcbertragen. Was fr\u00fcher Grenze, Truppen\u00fcbungsplatz oder Tagebau war, ist heute dem Naturschutz gewidmet &#8211; ein Lebensraummosaik, das sich in den vergangenen 20 Jahren entwickelt hat.<\/p>\n\n\n\n<p><\/p>\n\n\n\n<p><strong>Weiter gemeinsam Verantwortung \u00fcbernehmen<\/strong><\/p>\n\n\n\n<p>\u201eDas Nationale Naturerbe bleibt ein Gemeinschaftsprojekt, das wir nur im Verbund weiterentwickeln k\u00f6nnen\u201c, sagte Alexander&nbsp;Bonde, Generalsekret\u00e4r der DBU und Gesch\u00e4ftsf\u00fchrer im DBU Naturerbe, anl\u00e4sslich der Jubil\u00e4umsfeier des Nationalen Naturerbes am 30. Oktober. \u201eDamit unser Engagement f\u00fcr das Nationale Naturerbe auch die Zukunft schreibt, ist es wichtig, die Aktivit\u00e4ten der verantwortlichen Stiftungen und Verb\u00e4nde auf verschiedenen Ebenen weiter zu unterst\u00fctzen und gemeinsam Verantwortung f\u00fcr diese gro\u00dfe Aufgabe zu \u00fcbernehmen \u2013 durch finanzielle Unterst\u00fctzung, aber auch durch die Vereinfachung von Verfahren bei der Umsetzung von Naturschutzma\u00dfnahmen.\u201c<\/p>\n\n\n\n<figure class=\"wp-block-image alignright size-large is-resized\"><img loading=\"lazy\" decoding=\"async\" width=\"1920\" height=\"1280\" src=\"https:\/\/www.dbu.de\/app\/uploads\/dbu-media-tennenlohe-revierleiter-meyer-tennenlohe-wannick-dbu-naturerbe-1920x1280.jpg\" alt=\"\" class=\"wp-image-148294\" style=\"width:324px;height:auto\" srcset=\"https:\/\/www.dbu.de\/app\/uploads\/dbu-media-tennenlohe-revierleiter-meyer-tennenlohe-wannick-dbu-naturerbe-1920x1280.jpg 1920w, https:\/\/www.dbu.de\/app\/uploads\/dbu-media-tennenlohe-revierleiter-meyer-tennenlohe-wannick-dbu-naturerbe-800x533.jpg 800w, https:\/\/www.dbu.de\/app\/uploads\/dbu-media-tennenlohe-revierleiter-meyer-tennenlohe-wannick-dbu-naturerbe-400x267.jpg 400w\" sizes=\"auto, (max-width: 1920px) 100vw, 1920px\" \/><figcaption class=\"wp-element-caption\">Revierleiter Meyer sitzt auf einem Baumstamm auf der DBU-Naturerbefl\u00e4che Tennenlohe<\/figcaption><\/figure>\n\n\n\n<p><\/p>\n\n\n\n<p>Bislang hat das DBU Naturerbe &nbsp;66 Fl\u00e4chen mit rund 70.000 Hektar vom Bund \u00fcbernommen. Auf den Fl\u00e4chen sollen offene Lebensr\u00e4ume mit seltenen Tier- und Pflanzenarten durch Pflege bewahrt, W\u00e4lder m\u00f6glichst ohne menschlichen Eingriff ihrer nat\u00fcrlichen Entwicklung \u00fcberlassen und Feuchtgebiete sowie Gew\u00e4sser \u00f6kologisch aufgewertet werden.<\/p>\n\n\n\n<p><\/p>\n\n\n\n<p><strong>Erfahrungen als &#8220;Lebensraumwandler&#8221; zwischen Heide, Wald und Mooren<\/strong><\/p>\n\n\n\n<p><\/p>\n\n\n\n<p>Wie genau es auf einigen DBU-Naturerbefl\u00e4chen in Bayern aussieht, wei\u00df Jens-Eckhard Meyer vom Bundesforstbetrieb Reu\u00dfenberg. Seit fast 30 Jahren betreut er als Revierleiter die 440 Hektar gro\u00dfe DBU-Naturerbefl\u00e4che Tennenlohe bei Erlangen. Er erz\u00e4hlt \u00fcber Erfahrungen mit Menschen und als selbsternannter \u201eLebensraumwandler\u201c zwischen Heide, Wald und Mooren, zu lesen unter: <a href=\"http:\/\/www.dbu.de\/news\/wo-die-natur-geschichten-schreibt\/\" target=\"_blank\" rel=\"noreferrer noopener\">www.dbu.de\/news\/wo-die-natur-geschichten-schreibt\/<\/a><\/p>\n\n\n\n<p><\/p>\n\n\n\n<p><em>Alternativ gibt es einige Impressionen von den Naturerbefl\u00e4chen auch in Videoform<a href=\"https:\/\/youtu.be\/lpPfEwpLiS4\" target=\"_blank\" rel=\"noreferrer noopener\"> in unserem DBU-YouTube-Kanal<\/a>.<\/em><\/p>\n\n\n\n<p><\/p>\n\n\n\n<p><em><strong>Titelbild: <\/strong>Team des DBU Naturerbes sowie ehemalige Wegbegleiter auf der Jubil\u00e4umsfeier im Bundesministerium f\u00fcr Umwelt, Klimaschutz, Naturschutz und nukleare Sicherheit (BMUKN) in Berlin.<\/em><\/p>\n<\/div>\n","protected":false},"excerpt":{"rendered":"","protected":false},"author":14,"featured_media":159229,"parent":158932,"template":"","meta":{"footnotes":""},"newsletter-kategorie":[],"class_list":["post-158983","newsletter","type-newsletter","status-publish","has-post-thumbnail","hentry"],"meta_box":{"dbu_newsletter_gruppe_container":[{"dbu_newsletter_gruppe_container_select":"newsletter"}],"dbu_news_mail":"0","dbu_news_mail_status":"Eine Mail wurde nicht verschickt"},"_links":{"self":[{"href":"https:\/\/www.dbu.de\/en\/wp-json\/wp\/v2\/newsletter\/158983","targetHints":{"allow":["GET"]}}],"collection":[{"href":"https:\/\/www.dbu.de\/en\/wp-json\/wp\/v2\/newsletter"}],"about":[{"href":"https:\/\/www.dbu.de\/en\/wp-json\/wp\/v2\/types\/newsletter"}],"author":[{"embeddable":true,"href":"https:\/\/www.dbu.de\/en\/wp-json\/wp\/v2\/users\/14"}],"version-history":[{"count":6,"href":"https:\/\/www.dbu.de\/en\/wp-json\/wp\/v2\/newsletter\/158983\/revisions"}],"predecessor-version":[{"id":159236,"href":"https:\/\/www.dbu.de\/en\/wp-json\/wp\/v2\/newsletter\/158983\/revisions\/159236"}],"up":[{"embeddable":true,"href":"https:\/\/www.dbu.de\/en\/wp-json\/wp\/v2\/newsletter\/158932"}],"wp:featuredmedia":[{"embeddable":true,"href":"https:\/\/www.dbu.de\/en\/wp-json\/wp\/v2\/media\/159229"}],"wp:attachment":[{"href":"https:\/\/www.dbu.de\/en\/wp-json\/wp\/v2\/media?parent=158983"}],"wp:term":[{"taxonomy":"newsletter-kategorie","embeddable":true,"href":"https:\/\/www.dbu.de\/en\/wp-json\/wp\/v2\/newsletter-kategorie?post=158983"}],"curies":[{"name":"wp","href":"https:\/\/api.w.org\/{rel}","templated":true}]}}