  {"id":142305,"date":"2025-06-25T15:49:42","date_gmt":"2025-06-25T13:49:42","guid":{"rendered":"https:\/\/www.dbu.de\/?post_type=newsletter&#038;p=142305"},"modified":"2025-06-25T16:27:13","modified_gmt":"2025-06-25T14:27:13","slug":"dbu-trauert-um-hubert-weinzierl","status":"publish","type":"newsletter","link":"https:\/\/www.dbu.de\/en\/newsletter\/dbuaktuell-juni-2024\/dbu-trauert-um-hubert-weinzierl\/","title":{"rendered":"DBU trauert um Hubert Weinzierl"},"content":{"rendered":"\n<div class=\"wp-block-wordpress-dbu-dbu-container\">\n<p>Natursch\u00fctzer aus Leidenschaft, pr\u00e4gende Pers\u00f6nlichkeit verschiedener Naturverb\u00e4nde, K\u00e4mpfer gegen Waldsterben und Wiederaufbereitungsanlage in Wackersdorf \u2013 und auch Kuratoriumsvorsitzender der Deutschen Bundesstiftung Umwelt (DBU) von 2005 bis 2013: Die DBU trauert um Hubert Weinzierl, der am 16. Juni im Alter von 89 Jahren verstorben ist.<\/p>\n\n\n\n<p>Weinzierl f\u00fchrte neben dem Bund Naturschutz (BN), den er 33 Jahre lang bis 2002 leitete, auch die Umweltorganisation Bund f\u00fcr Umwelt und Naturschutz Deutschland (BUND), zu deren Mitgr\u00fcndern er z\u00e4hlte. \u00bbDurch seine beharrliche, immer aber freundlich-zuvorkommende Art hat er es geschafft, dass Natur- und Umweltschutz in Politik und Gesellschaft ernst genommen worden sind\u00ab, sagte DBU-Generalsekret\u00e4r Alexander Bonde. \u00bbSeiner Leidenschaft und Liebe f\u00fcr die Natur ist es mitzuverdanken, dass diese Themen heute einen so hohen Stellenwert haben. Eine historische Leistung.\u00ab <\/p>\n\n\n\n<p><\/p>\n\n\n\n<p>Der gelernte Forstwirt Weinzierl war seiner Zeit fr\u00fch voraus: Er erkannte, dass der Schutz biologischer Vielfalt sowie von Arten, Boden, Wasser, Luft nur gelingen konnte, wenn um diese Themen \u00f6ffentlich und wirksam gerungen wurde \u2013 immer mit dem Ziel, Br\u00fccken zu bauen und bei allem Streit keine verbrannte Erde zu hinterlassen. Bonde: \u00bbEr war Menschenf\u00e4nger im besten Sinn, hat mit seiner F\u00e4higkeit als Integrationsfigur auch als DBU-Kuratoriumsvorsitzender ma\u00dfgeblich die Geschicke der Deutschen Bundesstiftung Umwelt vorangebracht.\u00ab<\/p>\n<\/div>\n","protected":false},"excerpt":{"rendered":"","protected":false},"author":15,"featured_media":142230,"parent":142294,"template":"","meta":{"footnotes":""},"newsletter-kategorie":[],"class_list":["post-142305","newsletter","type-newsletter","status-publish","has-post-thumbnail","hentry"],"meta_box":{"dbu_newsletter_gruppe_container":[{"dbu_newsletter_gruppe_container_select":"newsletter"}],"dbu_news_mail":"0","dbu_news_mail_status":"Eine Mail wurde nicht verschickt"},"_links":{"self":[{"href":"https:\/\/www.dbu.de\/en\/wp-json\/wp\/v2\/newsletter\/142305","targetHints":{"allow":["GET"]}}],"collection":[{"href":"https:\/\/www.dbu.de\/en\/wp-json\/wp\/v2\/newsletter"}],"about":[{"href":"https:\/\/www.dbu.de\/en\/wp-json\/wp\/v2\/types\/newsletter"}],"author":[{"embeddable":true,"href":"https:\/\/www.dbu.de\/en\/wp-json\/wp\/v2\/users\/15"}],"version-history":[{"count":3,"href":"https:\/\/www.dbu.de\/en\/wp-json\/wp\/v2\/newsletter\/142305\/revisions"}],"predecessor-version":[{"id":142425,"href":"https:\/\/www.dbu.de\/en\/wp-json\/wp\/v2\/newsletter\/142305\/revisions\/142425"}],"up":[{"embeddable":true,"href":"https:\/\/www.dbu.de\/en\/wp-json\/wp\/v2\/newsletter\/142294"}],"wp:featuredmedia":[{"embeddable":true,"href":"https:\/\/www.dbu.de\/en\/wp-json\/wp\/v2\/media\/142230"}],"wp:attachment":[{"href":"https:\/\/www.dbu.de\/en\/wp-json\/wp\/v2\/media?parent=142305"}],"wp:term":[{"taxonomy":"newsletter-kategorie","embeddable":true,"href":"https:\/\/www.dbu.de\/en\/wp-json\/wp\/v2\/newsletter-kategorie?post=142305"}],"curies":[{"name":"wp","href":"https:\/\/api.w.org\/{rel}","templated":true}]}}