  {"id":130813,"date":"2025-02-24T16:24:14","date_gmt":"2025-02-24T15:24:14","guid":{"rendered":"https:\/\/www.dbu.de\/?post_type=newsletter&#038;p=130813"},"modified":"2025-02-25T11:01:20","modified_gmt":"2025-02-25T10:01:20","slug":"den-ersten-pc-installiert-dbu-kollege-horst-thuener-im-ruhestand","status":"publish","type":"newsletter","link":"https:\/\/www.dbu.de\/en\/newsletter\/dbuaktuell-nr-februar-2025\/den-ersten-pc-installiert-dbu-kollege-horst-thuener-im-ruhestand\/","title":{"rendered":"Den ersten PC installiert: DBU-Kollege Horst Th\u00fcner im Ruhestand"},"content":{"rendered":"\n<div class=\"wp-block-wordpress-dbu-dbu-container\">\n<p>\u201eMan hat sich nie verloren gef\u00fchlt mit der neuen IT-Technik, denn man wusste: Horst Th\u00fcner kommt gleich\u201c. Nach 25 Jahren im Dienst wurde Horst Th\u00fcner, der stellvertretende Leiter des DBU-Referats Informationstechnologie, nun von DBU-Verwaltungschef Michael Dittrich in den Ruhestand verabschiedet. <\/p>\n\n\n\n<figure class=\"wp-block-image alignright size-full is-resized\"><img loading=\"lazy\" decoding=\"async\" width=\"642\" height=\"362\" src=\"https:\/\/www.dbu.de\/app\/uploads\/dbu-media-februar-2025-imm006-5a-bearbeitet.jpg\" alt=\"\" class=\"wp-image-130883\" style=\"width:337px;height:auto\" srcset=\"https:\/\/www.dbu.de\/app\/uploads\/dbu-media-februar-2025-imm006-5a-bearbeitet.jpg 642w, https:\/\/www.dbu.de\/app\/uploads\/dbu-media-februar-2025-imm006-5a-bearbeitet-400x226.jpg 400w\" sizes=\"auto, (max-width: 642px) 100vw, 642px\" \/><figcaption class=\"wp-element-caption\">Nun im verdienten Ruhestand: Horst Th\u00fcner<\/figcaption><\/figure>\n\n\n\n<p><\/p>\n\n\n\n<p>Schon 1991 \u2013 damals noch als Mitarbeiter einer Computerfirma \u2013 k\u00fcmmerte sich Th\u00fcner darum, die frisch gegr\u00fcndete DBU technisch auszur\u00fcsten und installierte dort den ersten Personal Computer (PC). Im Januar 1999 wurde Th\u00fcner von der Stiftung \u00fcbernommen \u2013 \u201eeine gro\u00dfe Bereicherung\u201c, so Dittrich. Th\u00fcner sei nicht nur fachlich versiert und gewissenhaft, sondern habe besonders das Thema Ausbildung mit gro\u00dfem Engagement zu einer Erfolgsgeschichte gemacht, \u201eals bester Ausbilder, den man sich vorstellen kann.\u201c<\/p>\n<\/div>\n","protected":false},"excerpt":{"rendered":"","protected":false},"author":15,"featured_media":130965,"parent":130795,"template":"","meta":{"footnotes":""},"newsletter-kategorie":[],"class_list":["post-130813","newsletter","type-newsletter","status-publish","has-post-thumbnail","hentry"],"meta_box":{"dbu_newsletter_gruppe_container":[{"dbu_newsletter_gruppe_container_select":"newsletter"}],"dbu_news_mail":"0","dbu_news_mail_status":"Eine Mail wurde nicht verschickt"},"_links":{"self":[{"href":"https:\/\/www.dbu.de\/en\/wp-json\/wp\/v2\/newsletter\/130813","targetHints":{"allow":["GET"]}}],"collection":[{"href":"https:\/\/www.dbu.de\/en\/wp-json\/wp\/v2\/newsletter"}],"about":[{"href":"https:\/\/www.dbu.de\/en\/wp-json\/wp\/v2\/types\/newsletter"}],"author":[{"embeddable":true,"href":"https:\/\/www.dbu.de\/en\/wp-json\/wp\/v2\/users\/15"}],"version-history":[{"count":5,"href":"https:\/\/www.dbu.de\/en\/wp-json\/wp\/v2\/newsletter\/130813\/revisions"}],"predecessor-version":[{"id":130985,"href":"https:\/\/www.dbu.de\/en\/wp-json\/wp\/v2\/newsletter\/130813\/revisions\/130985"}],"up":[{"embeddable":true,"href":"https:\/\/www.dbu.de\/en\/wp-json\/wp\/v2\/newsletter\/130795"}],"wp:featuredmedia":[{"embeddable":true,"href":"https:\/\/www.dbu.de\/en\/wp-json\/wp\/v2\/media\/130965"}],"wp:attachment":[{"href":"https:\/\/www.dbu.de\/en\/wp-json\/wp\/v2\/media?parent=130813"}],"wp:term":[{"taxonomy":"newsletter-kategorie","embeddable":true,"href":"https:\/\/www.dbu.de\/en\/wp-json\/wp\/v2\/newsletter-kategorie?post=130813"}],"curies":[{"name":"wp","href":"https:\/\/api.w.org\/{rel}","templated":true}]}}