  {"id":130809,"date":"2025-02-24T16:24:14","date_gmt":"2025-02-24T15:24:14","guid":{"rendered":"https:\/\/www.dbu.de\/?post_type=newsletter&#038;p=130809"},"modified":"2025-02-25T11:01:20","modified_gmt":"2025-02-25T10:01:20","slug":"dbu-nachhaltig-digital-webinare-von-der-digitalen-zur-realen-nachhaltigkeit","status":"publish","type":"newsletter","link":"https:\/\/www.dbu.de\/en\/newsletter\/dbuaktuell-nr-februar-2025\/dbu-nachhaltig-digital-webinare-von-der-digitalen-zur-realen-nachhaltigkeit\/","title":{"rendered":"DBU nachhaltig.digital-Webinare: Von der digitalen zur realen Nachhaltigkeit"},"content":{"rendered":"\n<div class=\"wp-block-wordpress-dbu-dbu-container\">\n<figure class=\"wp-block-image alignright size-large\"><img loading=\"lazy\" decoding=\"async\" width=\"1920\" height=\"1280\" src=\"https:\/\/www.dbu.de\/app\/uploads\/dbu-media-nachhaltig-und-sicher-die-verbindung-von-datenschutz-und-oekologie-2025-02-07-datenschutz-und-oekologie-3-2-1920x1280.jpg\" alt=\"\" class=\"wp-image-130423\" srcset=\"https:\/\/www.dbu.de\/app\/uploads\/dbu-media-nachhaltig-und-sicher-die-verbindung-von-datenschutz-und-oekologie-2025-02-07-datenschutz-und-oekologie-3-2-1920x1280.jpg 1920w, https:\/\/www.dbu.de\/app\/uploads\/dbu-media-nachhaltig-und-sicher-die-verbindung-von-datenschutz-und-oekologie-2025-02-07-datenschutz-und-oekologie-3-2-800x533.jpg 800w, https:\/\/www.dbu.de\/app\/uploads\/dbu-media-nachhaltig-und-sicher-die-verbindung-von-datenschutz-und-oekologie-2025-02-07-datenschutz-und-oekologie-3-2-400x267.jpg 400w\" sizes=\"auto, (max-width: 1920px) 100vw, 1920px\" \/><\/figure>\n\n\n\n<p><strong>Webinar zur Verbindung von Datenschutz und \u00d6kologie im Februar<br><\/strong>Das Webinar #DBUdigital \u201eNachhaltig und sicher: Die Verbindung von Datenschutz und \u00d6kologie\u201c widmet sich am <strong>27. Februar<\/strong>, 11:00-12:00, Uhr der digitalen Nachhaltigkeit. Es geht darum, wie datenschutzrechtliche Anforderungen in Einklang mit umweltfreundlichen Prinzipien gebracht werden k\u00f6nnen. Die Veranstaltung liefert Einblicke und praktische Tipps f\u00fcr alle, die Digitalisierung und Nachhaltigkeit verbinden wollen. Speaker*innen sind: Elisa Drescher, Juristin, zertifizierte Datenschutzbeauftragte und Co-Gesch\u00e4ftsf\u00fchrerin von SCALELINE Datenschutz geht unter anderem auf Datensparsamkeit und aktuelle KI-Regulation ein. Und Dr. Felix S\u00fchlmann-Faul, Experte f\u00fcr Digitalisierung und Nachhaltigkeit, promovierter Techniksoziologe. Er beleuchtet die Schnittmenge zwischen Datenschutz und \u00d6kologie.<br><em>Anmeldung: <a href=\"https:\/\/us06web.zoom.us\/meeting\/register\/77huUW6kT2-CD9kNwWcg1A#\/registration\" target=\"_blank\" rel=\"noreferrer noopener\">https:\/\/us06web.zoom.us\/meeting\/register\/77huUW6kT2-CD9kNwWcg1A#\/registration<\/a><\/em><\/p>\n\n\n\n<p><\/p>\n\n\n\n<p><strong>Webinar \u00fcber digitale Zwillinge: Von der virtuellen Kopie zur realen Nachhaltigkeit im M\u00e4rz<br><\/strong>Digitale Zwillinge sind mehr als nur virtuelle Abbilder, sie sind ein Schl\u00fcssel zu \u00f6kologischer Nachhaltigkeit. Ob in der Industrie, im Bauwesen oder in der Stadtplanung, sie helfen, Ressourcen effizienter zu nutzen und Emissionen zu reduzieren. In dieser Veranstaltung am <strong>20. M\u00e4rz<\/strong>, 11:00-12:00 Uhr, f\u00fchrt Theresa Riedelsheimer vom Fraunhofer IPK in die Grundlagen und Potenziale des Digitalen Zwillings ein. Anschlie\u00dfend stellt Anne-Marie Tumescheit (Fujitsu) die Erkenntnisse aus dem aktuellen Denkimpuls-Papier der Initiative D21 und eigene Aktivit\u00e4ten von Fujitsu vor.<\/p>\n\n\n\n<p><em>Anmeldung: <a href=\"https:\/\/us06web.zoom.us\/meeting\/register\/tZItduGgrTsjHtUwtLTCywukFtWNul-zebmZ\" target=\"_blank\" rel=\"noreferrer noopener\">https:\/\/us06web.zoom.us\/meeting\/register\/tZItduGgrTsjHtUwtLTCywukFtWNul-zebmZ<\/a><\/em><\/p>\n<\/div>\n\n\n\n<div class=\"wp-block-wordpress-dbu-dbu-container\">\n<p><strong>In eigener Sache:<\/strong> <br>Unser DBU-Projekt DBU nachhaltig.digital wurde Anfang Februar mit dem zweiten Platz beim Corporate Digital Responsibility Award 2024 in der Kategorie Umwelt &amp; Ressourcen ausgezeichnet. Mehr zum Preis unter: <a href=\"https:\/\/www.cdr-award.digital\/gewinner-2024\/#1637760693-2-26\" target=\"_blank\" rel=\"noreferrer noopener\">https:\/\/www.cdr-award.digital\/gewinner-2024\/#1637760693-2-26<\/a><\/p>\n<\/div>\n","protected":false},"excerpt":{"rendered":"","protected":false},"author":15,"featured_media":130656,"parent":130795,"template":"","meta":{"footnotes":""},"newsletter-kategorie":[],"class_list":["post-130809","newsletter","type-newsletter","status-publish","has-post-thumbnail","hentry"],"meta_box":{"dbu_newsletter_gruppe_container":[{"dbu_newsletter_gruppe_container_select":"newsletter"}],"dbu_news_mail":"0","dbu_news_mail_status":"Eine Mail wurde nicht verschickt"},"_links":{"self":[{"href":"https:\/\/www.dbu.de\/en\/wp-json\/wp\/v2\/newsletter\/130809","targetHints":{"allow":["GET"]}}],"collection":[{"href":"https:\/\/www.dbu.de\/en\/wp-json\/wp\/v2\/newsletter"}],"about":[{"href":"https:\/\/www.dbu.de\/en\/wp-json\/wp\/v2\/types\/newsletter"}],"author":[{"embeddable":true,"href":"https:\/\/www.dbu.de\/en\/wp-json\/wp\/v2\/users\/15"}],"version-history":[{"count":7,"href":"https:\/\/www.dbu.de\/en\/wp-json\/wp\/v2\/newsletter\/130809\/revisions"}],"predecessor-version":[{"id":130980,"href":"https:\/\/www.dbu.de\/en\/wp-json\/wp\/v2\/newsletter\/130809\/revisions\/130980"}],"up":[{"embeddable":true,"href":"https:\/\/www.dbu.de\/en\/wp-json\/wp\/v2\/newsletter\/130795"}],"wp:featuredmedia":[{"embeddable":true,"href":"https:\/\/www.dbu.de\/en\/wp-json\/wp\/v2\/media\/130656"}],"wp:attachment":[{"href":"https:\/\/www.dbu.de\/en\/wp-json\/wp\/v2\/media?parent=130809"}],"wp:term":[{"taxonomy":"newsletter-kategorie","embeddable":true,"href":"https:\/\/www.dbu.de\/en\/wp-json\/wp\/v2\/newsletter-kategorie?post=130809"}],"curies":[{"name":"wp","href":"https:\/\/api.w.org\/{rel}","templated":true}]}}