  {"id":130797,"date":"2025-02-24T16:24:13","date_gmt":"2025-02-24T15:24:13","guid":{"rendered":"https:\/\/www.dbu.de\/?post_type=newsletter&#038;p=130797"},"modified":"2025-02-25T11:01:20","modified_gmt":"2025-02-25T10:01:20","slug":"wir-wollen-die-guten-ideen-wecken-interview-zur-dbu-foerderinitiative-speicher-und-netze","status":"publish","type":"newsletter","link":"https:\/\/www.dbu.de\/en\/newsletter\/dbuaktuell-nr-februar-2025\/wir-wollen-die-guten-ideen-wecken-interview-zur-dbu-foerderinitiative-speicher-und-netze\/","title":{"rendered":"\u201eWir wollen die guten Ideen wecken\u201c \u2013 Interview zur DBU-F\u00f6rderinitiative Speicher und Netze"},"content":{"rendered":"\n<div class=\"wp-block-wordpress-dbu-dbu-container\">\n<p>Seit September 2024 sucht die DBU mit ihrer neuen F\u00f6rderinitiative<a href=\"https:\/\/www.dbu.de\/themen\/foerderinitiativen\/speicher-und-netze\/\" target=\"_blank\" rel=\"noreferrer noopener\"><strong>&nbsp;\u201eSpeicher und Netze \u2013 Dezentrale saisonale Stromspeicher und netzdienliche Innovationen\u201c&nbsp;<\/strong><\/a>nach innovativen Speicherl\u00f6sungen f\u00fcr Strom\u00fcbersch\u00fcsse aus regenerativen Quellen und nachhaltigen Ideen zur Lastflexibilisierung sowie zur Steuerung der Verteilnetze. Nach wie vor ist die Initiative f\u00fcr Bewerbungen offen. \u00dcber die Hintergr\u00fcnde, den Stand der Dinge und ein erstmalig eingesetztes F\u00f6rderformat sprach<a href=\"https:\/\/www.dbu.de\/dbuAktuell\/\" target=\"_blank\" rel=\"noreferrer noopener\"> DBUaktuell <\/a>mit DBU-Referentin Dr. Katrin Anneser und DBU-Referent Dr.-Ing. J\u00f6rg Lef\u00e8vre, die die Initiative betreuen.<\/p>\n\n\n\n<p><\/p>\n\n\n\n<figure class=\"wp-block-image alignleft size-large is-resized\"><img loading=\"lazy\" decoding=\"async\" width=\"1891\" height=\"1920\" src=\"https:\/\/www.dbu.de\/app\/uploads\/dbu-media-februar-2025-fi-gruppenfoto-ohne-bonde-bearbeitet-1891x1920.jpg\" alt=\"Anneser Lefevre Speicher und Netze\" class=\"wp-image-130817\" style=\"width:354px;height:auto\" srcset=\"https:\/\/www.dbu.de\/app\/uploads\/dbu-media-februar-2025-fi-gruppenfoto-ohne-bonde-bearbeitet-1891x1920.jpg 1891w, https:\/\/www.dbu.de\/app\/uploads\/dbu-media-februar-2025-fi-gruppenfoto-ohne-bonde-bearbeitet-788x800.jpg 788w, https:\/\/www.dbu.de\/app\/uploads\/dbu-media-februar-2025-fi-gruppenfoto-ohne-bonde-bearbeitet-394x400.jpg 394w\" sizes=\"auto, (max-width: 1891px) 100vw, 1891px\" \/><figcaption class=\"wp-element-caption\">Dr. Katrin Anneser und Dr.-Ing. J\u00f6rg Lef\u00e8vre\nbeim Start der DBU-F\u00f6rderinitiative\nSpeicher und Netze<\/figcaption><\/figure>\n\n\n\n<p><strong>DBUaktuell:<\/strong> Speicher und Netze \u2013 was steckt hinter diesen beiden Schlagworten?<\/p>\n\n\n\n<p><strong>Lef\u00e8vre: <\/strong>Strom f\u00fcr die sp\u00e4tere Verwendung speichern zu k\u00f6nnen, das ist eine gute Idee \u2013 insbesondere, wenn man \u00fcbersch\u00fcssigen Strom aus erneuerbaren Energiequellen sonst nicht nutzen kann. Wir kennen Elektroenergiespeicher beispielsweise f\u00fcr die Nachtstunden, wenn Photovoltaikanlagen keinen Strom liefern. In unserer Initiative zielen wir darauf, die Strom\u00fcbersch\u00fcsse l\u00e4nger zu speichern. Wer w\u00fcrde nicht gern seinen im Sommer selbst erzeugten \u00dcberschussstrom im Winter in seiner W\u00e4rmepumpe nutzen? Welches kleine Unternehmen w\u00fcrde sich nicht gern mit selbst produziertem regenerativen Strom \u00fcber das ganze Jahr versorgen? Darum suchen wir nach tragf\u00e4higen neuen L\u00f6sungen f\u00fcr saisonale Stromspeicher.<\/p>\n\n\n\n<p><\/p>\n\n\n\n<p><strong>Anneser: <\/strong>Die dezentrale, fluktuierende \u2013 also schwankende \u2013 Stromeinspeisung aus erneuerbaren Energien stellt eine Herausforderung f\u00fcr unsere Stromnetze dar. Denn urspr\u00fcnglich wurden sie zur Verteilung von Strom erbaut: In relativ wenigen Gro\u00dfkraftwerken wurde Strom erzeugt und dann zu den Verbrauchenden, also Industrie und Haushalten, transportiert. Heute tragen zahlreiche im Land verteilte Photovoltaik- und Windkraftanlagen bereits signifikant zur Stromversorgung bei. Darum ben\u00f6tigen wir neue L\u00f6sungen zur Lastflexibilisierung sowie zur Steuerung der Verteilnetze, um das Abregeln von einzelnen Anlagen und \u201eBlackouts\u201c zu vermeiden.<\/p>\n\n\n\n<p><\/p>\n\n\n\n<p><strong>DBUaktuell: <\/strong>Zug\u00e4nge zur F\u00f6rderinitiative bestehen \u00fcber die <a href=\"https:\/\/www.dbu.de\/foerderung\/projektfoerderung\/\" target=\"_blank\" rel=\"noreferrer noopener\">DBU-Projektf\u00f6rderung<\/a> und die <a href=\"https:\/\/www.dbu.de\/foerderung\/green-start-up\/\" target=\"_blank\" rel=\"noreferrer noopener\">Green Start-up-F\u00f6rderung<\/a>. Auch der wissenschaftliche Nachwuchs ist angesprochen: Um spannende neue Ans\u00e4tze aus der Forschung aufzugreifen, ist das <a href=\"https:\/\/www.dbu.de\/foerderung\/promotionsstipendien\/foerderung-beantragen\/\" target=\"_blank\" rel=\"noreferrer noopener\">DBU-Promotionsstipendienprogramm<\/a> eingebunden. Welche innovativen Ideen sind inzwischen bei der DBU eingetroffen?<\/p>\n\n\n\n<p><\/p>\n\n\n\n<p><strong>Lef\u00e8vre:<\/strong> Erste Vorhaben zielen beispielsweise auf das optimierte Steuern von Batteriespeichern mittels K\u00fcnstlicher Intelligenz (KI). Erprobt werden auch neue Konzepte f\u00fcr die Hochtemperaturw\u00e4rmespeicherung mit direkter Ohmscher W\u00e4rmeeinspeicherung aus \u00dcberschussstrom. Dar\u00fcber hinaus existieren erste valide Ideen f\u00fcr neuartige Speicher auf Metall-\/Metalloxidbasis. Speziell in diesem Bereich w\u00e4re noch viel Weiterf\u00fchrendes denkbar.<\/p>\n\n\n\n<p><\/p>\n\n\n\n<p><strong>DBUaktuell:<\/strong> Neben den etablierten F\u00f6rderm\u00f6glichkeiten gibt es noch etwas Neues: Den Ideenwettbewerb\u2026<\/p>\n\n\n\n<p><\/p>\n\n\n\n<p><strong>Anneser:<\/strong> Ja, wir wollen die guten Ideen wecken, die noch in den K\u00f6pfen schlummern. Darum haben wir erstmalig einen Ideenwettbewerb ausgerufen. Projektideen m\u00fcssen daf\u00fcr kurz skizziert werden und sich dann im Wettbewerb durchsetzen. Wer ausgew\u00e4hlt wird, erh\u00e4lt eine Unterst\u00fctzung von bis zu 15&nbsp;000 Euro f\u00fcr bis zu sechs Monate, um die Idee auszuarbeiten. Aussichtsreiche Ergebnisse k\u00f6nnen im Anschluss eine weitere F\u00f6rderung erhalten. Auch hier gibt es schon erste Ans\u00e4tze, die in die F\u00f6rderung gegangen sind, unter anderem zur Einbindung von Kleinspeichern und Steckersolarger\u00e4ten sowie zu einem Planungstool f\u00fcr den Ausbau der Netzinfrastruktur auf Basis von KI und Geoinformationstechnologie.<\/p>\n\n\n\n<p><\/p>\n\n\n\n<p><strong>DBUaktuell:<\/strong> Wie geht es weiter?<\/p>\n\n\n\n<p><\/p>\n\n\n\n<p><strong>Anneser: <\/strong>Nach wie vor sind gute Ideen und Projektskizzen willkommen. Was ich pers\u00f6nlich spannend f\u00e4nde, w\u00e4ren Vorhaben zu Lastflexibilisierungsoptionen der Industrie. Zudem haben Studierende der Ludwig-Maximilians-Universit\u00e4t M\u00fcnchen und der Technischen Universit\u00e4t M\u00fcnchen eine Ausarbeitung zu \u201eSpeicher und Netze\u201c bei der <a href=\"https:\/\/www.digital-future-challenge.de\/digital-future-challenge\/\" target=\"_blank\" rel=\"noreferrer noopener\">Digital Future Challenge<\/a>, einem Ideenwettbewerb zu Digital Responsibility, eingereicht. Sie haben sich f\u00fcr das Finale qualifiziert und konnten ihre Idee am 18. Februar im Bundesministerium f\u00fcr Digitales und Verkehr vor Minister Volker Wissing pr\u00e4sentieren. Und da haben sie den <a href=\"https:\/\/www.linkedin.com\/posts\/initiatived21_dfc5-gridnaition-luftblick-activity-7297947505319702528-y5P1\/?utm_source=share&amp;utm_medium=member_desktop&amp;rcm=ACoAAC1XB9MBuNPnej_Vm7rZ1bRA5IR2jtymOt4\" data-type=\"link\" data-id=\"https:\/\/www.linkedin.com\/posts\/initiatived21_dfc5-gridnaition-luftblick-activity-7297947505319702528-y5P1\/?utm_source=share&amp;utm_medium=member_desktop&amp;rcm=ACoAAC1XB9MBuNPnej_Vm7rZ1bRA5IR2jtymOt4\" target=\"_blank\" rel=\"noreferrer noopener\">1. Platz <\/a>belegt!<\/p>\n\n\n\n<p><\/p>\n\n\n\n<p><strong>Lef\u00e8vre:<\/strong> Anfang Mai gehen wir als DBU mit unserem Messestand auf die Messe <a href=\"https:\/\/www.thesmartere.de\/start\" target=\"_blank\" rel=\"noreferrer noopener\">Smarter E Europe <\/a>in M\u00fcnchen. Bis dahin werden wir eine weitere Zwischenbilanz der F\u00f6rderinitiative ziehen. Bis zur Messe k\u00f6nnen jedenfalls noch neue Ideen zur F\u00f6rderung eingereicht werden.<\/p>\n\n\n\n<p><\/p>\n\n\n\n<p><em>Weitere Informationen zur F\u00f6rderinitiative: <\/em><a href=\"https:\/\/www.dbu.de\/themen\/foerderinitiativen\/speicher-und-netze\/\" target=\"_blank\" rel=\"noreferrer noopener\"><em>https:\/\/www.dbu.de\/themen\/foerderinitiativen\/speicher-und-netze\/<\/em><\/a><em> <\/em><\/p>\n<\/div>\n","protected":false},"excerpt":{"rendered":"","protected":false},"author":15,"featured_media":103135,"parent":130795,"template":"","meta":{"footnotes":""},"newsletter-kategorie":[],"class_list":["post-130797","newsletter","type-newsletter","status-publish","has-post-thumbnail","hentry"],"meta_box":{"dbu_newsletter_gruppe_container":[{"dbu_newsletter_gruppe_container_select":"newsletter"}],"dbu_news_mail":"0","dbu_news_mail_status":"Eine Mail wurde nicht verschickt"},"_links":{"self":[{"href":"https:\/\/www.dbu.de\/en\/wp-json\/wp\/v2\/newsletter\/130797","targetHints":{"allow":["GET"]}}],"collection":[{"href":"https:\/\/www.dbu.de\/en\/wp-json\/wp\/v2\/newsletter"}],"about":[{"href":"https:\/\/www.dbu.de\/en\/wp-json\/wp\/v2\/types\/newsletter"}],"author":[{"embeddable":true,"href":"https:\/\/www.dbu.de\/en\/wp-json\/wp\/v2\/users\/15"}],"version-history":[{"count":12,"href":"https:\/\/www.dbu.de\/en\/wp-json\/wp\/v2\/newsletter\/130797\/revisions"}],"predecessor-version":[{"id":130971,"href":"https:\/\/www.dbu.de\/en\/wp-json\/wp\/v2\/newsletter\/130797\/revisions\/130971"}],"up":[{"embeddable":true,"href":"https:\/\/www.dbu.de\/en\/wp-json\/wp\/v2\/newsletter\/130795"}],"wp:featuredmedia":[{"embeddable":true,"href":"https:\/\/www.dbu.de\/en\/wp-json\/wp\/v2\/media\/103135"}],"wp:attachment":[{"href":"https:\/\/www.dbu.de\/en\/wp-json\/wp\/v2\/media?parent=130797"}],"wp:term":[{"taxonomy":"newsletter-kategorie","embeddable":true,"href":"https:\/\/www.dbu.de\/en\/wp-json\/wp\/v2\/newsletter-kategorie?post=130797"}],"curies":[{"name":"wp","href":"https:\/\/api.w.org\/{rel}","templated":true}]}}